{"id":7820,"date":"2016-05-25T09:16:57","date_gmt":"2016-05-25T07:16:57","guid":{"rendered":"http:\/\/cmpaix.eu\/fr\/?p=7820"},"modified":"2016-05-25T14:04:05","modified_gmt":"2016-05-25T12:04:05","slug":"animations-pedagogiques-du-centre-mondial-de-la-paix-centenaire-verdun","status":"publish","type":"post","link":"https:\/\/cmpaix.eu\/fr\/animations-pedagogiques-du-centre-mondial-de-la-paix-centenaire-verdun\/","title":{"rendered":"Animations  p\u00e9dagogiques du Centre Mondial de la Paix &#8211; Centenaire Verdun"},"content":{"rendered":"<p>Le Centre Mondial de la paix, des libert\u00e9s et des droits de l\u2019Homme se mobilise au profit de la p\u00e9dagogie offerte aux 4000 jeunes invit\u00e9s pour participer aux comm\u00e9morations officielles du centenaire de la bataille de Verdun.<\/p>\n<p>Toute son \u00e9quipe sera mobilis\u00e9e pour utiliser toutes ses expositions et tous nos espaces au profit des animations pr\u00e9vues.<\/p>\n<p><a href=\"http:\/\/www.cmpaix.fr\/docs\/160525 Programme p\u00e9dagogique du Centre Mondial de la Paix 27 mai 2016.pdf\" target=\"_blank\">Dossier de pr\u00e9sentation de la journ\u00e9e <\/a> [PDF]<br \/>\n<a href=\"http:\/\/www.cmpaix.eu\/centenaire-verdun\/\" target=\"_blank\">Retrouvez le programme complet des animations <\/a><\/p>\n","protected":false},"excerpt":{"rendered":"<p>Le Centre Mondial de la paix, des libert\u00e9s et des droits de l\u2019Homme se mobilise au profit de la p\u00e9dagogie offerte aux 4000 jeunes invit\u00e9s pour participer aux comm\u00e9morations officielles du centenaire de la bataille de Verdun. Toute son \u00e9quipe sera mobilis\u00e9e pour utiliser toutes ses expositions et tous nos  [&#8230;]<\/p>\n","protected":false},"author":1,"featured_media":7819,"comment_status":"closed","ping_status":"closed","sticky":false,"template":"","format":"standard","meta":{"ngg_post_thumbnail":0,"footnotes":""},"categories":[41],"tags":[],"class_list":["post-7820","post","type-post","status-publish","format-standard","has-post-thumbnail","hentry","category-centenaire"],"_links":{"self":[{"href":"https:\/\/cmpaix.eu\/fr\/wp-json\/wp\/v2\/posts\/7820","targetHints":{"allow":["GET"]}}],"collection":[{"href":"https:\/\/cmpaix.eu\/fr\/wp-json\/wp\/v2\/posts"}],"about":[{"href":"https:\/\/cmpaix.eu\/fr\/wp-json\/wp\/v2\/types\/post"}],"author":[{"embeddable":true,"href":"https:\/\/cmpaix.eu\/fr\/wp-json\/wp\/v2\/users\/1"}],"replies":[{"embeddable":true,"href":"https:\/\/cmpaix.eu\/fr\/wp-json\/wp\/v2\/comments?post=7820"}],"version-history":[{"count":3,"href":"https:\/\/cmpaix.eu\/fr\/wp-json\/wp\/v2\/posts\/7820\/revisions"}],"predecessor-version":[{"id":7823,"href":"https:\/\/cmpaix.eu\/fr\/wp-json\/wp\/v2\/posts\/7820\/revisions\/7823"}],"wp:featuredmedia":[{"embeddable":true,"href":"https:\/\/cmpaix.eu\/fr\/wp-json\/wp\/v2\/media\/7819"}],"wp:attachment":[{"href":"https:\/\/cmpaix.eu\/fr\/wp-json\/wp\/v2\/media?parent=7820"}],"wp:term":[{"taxonomy":"category","embeddable":true,"href":"https:\/\/cmpaix.eu\/fr\/wp-json\/wp\/v2\/categories?post=7820"},{"taxonomy":"post_tag","embeddable":true,"href":"https:\/\/cmpaix.eu\/fr\/wp-json\/wp\/v2\/tags?post=7820"}],"curies":[{"name":"wp","href":"https:\/\/api.w.org\/{rel}","templated":true}]}}