{"id":8129,"date":"2016-09-07T18:19:26","date_gmt":"2016-09-07T16:19:26","guid":{"rendered":"http:\/\/cmpaix.eu\/fr\/?p=8129"},"modified":"2016-09-07T18:19:26","modified_gmt":"2016-09-07T16:19:26","slug":"presentation-officielle-du-documentaire-video-paroles-de-jeunes-francais-et-allemands","status":"publish","type":"post","link":"https:\/\/cmpaix.eu\/fr\/presentation-officielle-du-documentaire-video-paroles-de-jeunes-francais-et-allemands\/","title":{"rendered":"Pr\u00e9sentation officielle du documentaire vid\u00e9o &#8211; Paroles de Jeunes fran\u00e7ais et allemands"},"content":{"rendered":"<p>Le Centre Mondial de la Paix, des libert\u00e9s et des droits de l\u2019Homme a le plaisir de vous inviter, jeudi 22 septembre \u00e0 18h00, \u00e0 la pr\u00e9sentation officielle du documentaire vid\u00e9o Paroles de Jeunes fran\u00e7ais et allemands, r\u00e9alis\u00e9 \u00e0 l\u2019occasion de la Journ\u00e9e  p\u00e9dagogique du 27 mai 2016.<\/p>\n<p><a href=\"http:\/\/www.cmpaix.fr\/docs\/invitation-projection.pdf\" target=\"_blank\">Retrouvez l&rsquo;invitation officielle en suivant ce lien<\/a>.<\/p>\n<p>Il s&rsquo;agit du premier rendez-vous franco-allemand et europ\u00e9en organis\u00e9 en septembre au Centre Mondial de la Paix, des libert\u00e9s et des droits de l\u2019Homme.<br \/>\nD&rsquo;autres annonces vont suivre tr\u00e8s prochainement&#8230;<\/p>\n","protected":false},"excerpt":{"rendered":"<p>Le Centre Mondial de la Paix, des libert\u00e9s et des droits de l\u2019Homme a le plaisir de vous inviter, jeudi 22 septembre \u00e0 18h00, \u00e0 la pr\u00e9sentation officielle du documentaire vid\u00e9o Paroles de Jeunes fran\u00e7ais et allemands, r\u00e9alis\u00e9 \u00e0 l\u2019occasion de la Journ\u00e9e p\u00e9dagogique du 27 mai 2016. Retrouvez l&rsquo;invitation  [&#8230;]<\/p>\n","protected":false},"author":1,"featured_media":0,"comment_status":"closed","ping_status":"closed","sticky":false,"template":"","format":"standard","meta":{"ngg_post_thumbnail":0,"footnotes":""},"categories":[41,37],"tags":[],"class_list":["post-8129","post","type-post","status-publish","format-standard","hentry","category-centenaire","category-divers"],"_links":{"self":[{"href":"https:\/\/cmpaix.eu\/fr\/wp-json\/wp\/v2\/posts\/8129","targetHints":{"allow":["GET"]}}],"collection":[{"href":"https:\/\/cmpaix.eu\/fr\/wp-json\/wp\/v2\/posts"}],"about":[{"href":"https:\/\/cmpaix.eu\/fr\/wp-json\/wp\/v2\/types\/post"}],"author":[{"embeddable":true,"href":"https:\/\/cmpaix.eu\/fr\/wp-json\/wp\/v2\/users\/1"}],"replies":[{"embeddable":true,"href":"https:\/\/cmpaix.eu\/fr\/wp-json\/wp\/v2\/comments?post=8129"}],"version-history":[{"count":2,"href":"https:\/\/cmpaix.eu\/fr\/wp-json\/wp\/v2\/posts\/8129\/revisions"}],"predecessor-version":[{"id":8132,"href":"https:\/\/cmpaix.eu\/fr\/wp-json\/wp\/v2\/posts\/8129\/revisions\/8132"}],"wp:attachment":[{"href":"https:\/\/cmpaix.eu\/fr\/wp-json\/wp\/v2\/media?parent=8129"}],"wp:term":[{"taxonomy":"category","embeddable":true,"href":"https:\/\/cmpaix.eu\/fr\/wp-json\/wp\/v2\/categories?post=8129"},{"taxonomy":"post_tag","embeddable":true,"href":"https:\/\/cmpaix.eu\/fr\/wp-json\/wp\/v2\/tags?post=8129"}],"curies":[{"name":"wp","href":"https:\/\/api.w.org\/{rel}","templated":true}]}}