{"id":8137,"date":"2016-09-16T17:11:06","date_gmt":"2016-09-16T15:11:06","guid":{"rendered":"http:\/\/cmpaix.eu\/fr\/?p=8137"},"modified":"2021-09-29T17:06:09","modified_gmt":"2021-09-29T15:06:09","slug":"centenaire-de-la-bataille-de-verdun-sur-france-2","status":"publish","type":"post","link":"https:\/\/cmpaix.eu\/fr\/centenaire-de-la-bataille-de-verdun-sur-france-2\/","title":{"rendered":"Centenaire de la bataille de Verdun sur France 2"},"content":{"rendered":"<p>\u00c0 l\u2019occasion du centenaire de la bataille de Verdun, Le Jour du Seigneur diffuse son \u00e9mission en direct du Centre Mondial de la paix \u00e0 Verdun.<\/p>\n<p>En ce dimanche 18 septembre, le dimanche des Journ\u00e9es europ\u00e9ennes du patrimoine, nous emm\u00e8nerons les t\u00e9l\u00e9spectateurs \u00e0 la d\u00e9couverte du patrimoine physique (exceptionnelle cath\u00e9drale de Verdun) et patrimoine immat\u00e9riel (m\u00e9moire de la guerre).<\/p>\n<p>Pourquoi faire m\u00e9moire ? Quel type de message est transmis \u00e0 travers les comm\u00e9morations de la Premi\u00e8re guerre mondiale ? Nous nous int\u00e9resserons \u00e0 l\u2019ossuaire de Douaumont, monument construit \u00e0 la m\u00e9moire des soldats de la bataille de Verdun \u00e0 l\u2019initiative de Mgr Ginisty, \u00e9v\u00eaque de Verdun de 1914 \u00e0 sa mort, en 1946.<\/p>\n<p>Nous irons \u00e9galement \u00e0 la rencontre des coll\u00e9giens \u00ab ambassadeurs de la m\u00e9moire \u00bb. Originaires des quatre coins de la France, ils partent \u00e0 la d\u00e9couverte des champs de bataille \u00e0 Verdun pour transmettre le fruit de leur visite \u00e0 leurs camarades. Un travail de m\u00e9moire d\u2019autant plus indispensable que les t\u00e9moins de la Grande Guerre ont aujourd\u2019hui disparu.<\/p>\n<p>Invit\u00e9s :<br \/>\nThibault Villemin, professeur d\u2019histoire-g\u00e9ographie et membre du service p\u00e9dagogique du Centre mondial de la paix, des libert\u00e9s et des droits de l\u2019homme de Verdun<br \/>\nLudovic Fresse, coordinateur de l\u2019association \u00ab Rue de la m\u00e9moire \u00bb<\/p>\n<p>Reportage France 3 Lorraine<br \/>\n<div class=\"fusion-fullwidth fullwidth-box fusion-builder-row-1 hundred-percent-fullwidth non-hundred-percent-height-scrolling\" style=\"--awb-border-radius-top-left:0px;--awb-border-radius-top-right:0px;--awb-border-radius-bottom-right:0px;--awb-border-radius-bottom-left:0px;--awb-overflow:visible;--awb-flex-wrap:wrap;\" ><div class=\"fusion-builder-row fusion-row\"><div class=\"fusion-layout-column fusion_builder_column fusion-builder-column-0 fusion_builder_column_1_1 1_1 fusion-one-full fusion-column-first fusion-column-last fusion-column-no-min-height\" style=\"--awb-bg-size:cover;--awb-margin-bottom:0px;\"><div class=\"fusion-column-wrapper fusion-flex-column-wrapper-legacy\"><div class=\"fusion-video fusion-youtube\" style=\"--awb-max-width:500px;--awb-max-height:500px;\"><div class=\"video-shortcode\"><div class=\"fluid-width-video-wrapper\" style=\"padding-top:100%;\" ><iframe title=\"YouTube video player 1\" src=\"https:\/\/www.youtube.com\/embed\/5dMz9DE_ACo?wmode=transparent&autoplay=0&oida=1\" width=\"500\" height=\"500\" allowfullscreen allow=\"autoplay; clipboard-write; encrypted-media; gyroscope; picture-in-picture;\"><\/iframe><\/div><\/div><\/div>\n<div class=\"fusion-clearfix\"><\/div><\/div><\/div><\/div><\/div><\/p>\n","protected":false},"excerpt":{"rendered":"<p>\u00c0 l\u2019occasion du centenaire de la bataille de Verdun, Le Jour du Seigneur diffuse son \u00e9mission en direct du Centre Mondial de la paix \u00e0 Verdun. En ce dimanche 18 septembre, le dimanche des Journ\u00e9es europ\u00e9ennes du patrimoine, nous emm\u00e8nerons les t\u00e9l\u00e9spectateurs \u00e0 la d\u00e9couverte du patrimoine physique (exceptionnelle cath\u00e9drale  [&#8230;]<\/p>\n","protected":false},"author":1,"featured_media":0,"comment_status":"closed","ping_status":"closed","sticky":false,"template":"","format":"standard","meta":{"ngg_post_thumbnail":0,"footnotes":""},"categories":[41],"tags":[],"class_list":["post-8137","post","type-post","status-publish","format-standard","hentry","category-centenaire"],"_links":{"self":[{"href":"https:\/\/cmpaix.eu\/fr\/wp-json\/wp\/v2\/posts\/8137","targetHints":{"allow":["GET"]}}],"collection":[{"href":"https:\/\/cmpaix.eu\/fr\/wp-json\/wp\/v2\/posts"}],"about":[{"href":"https:\/\/cmpaix.eu\/fr\/wp-json\/wp\/v2\/types\/post"}],"author":[{"embeddable":true,"href":"https:\/\/cmpaix.eu\/fr\/wp-json\/wp\/v2\/users\/1"}],"replies":[{"embeddable":true,"href":"https:\/\/cmpaix.eu\/fr\/wp-json\/wp\/v2\/comments?post=8137"}],"version-history":[{"count":3,"href":"https:\/\/cmpaix.eu\/fr\/wp-json\/wp\/v2\/posts\/8137\/revisions"}],"predecessor-version":[{"id":10205,"href":"https:\/\/cmpaix.eu\/fr\/wp-json\/wp\/v2\/posts\/8137\/revisions\/10205"}],"wp:attachment":[{"href":"https:\/\/cmpaix.eu\/fr\/wp-json\/wp\/v2\/media?parent=8137"}],"wp:term":[{"taxonomy":"category","embeddable":true,"href":"https:\/\/cmpaix.eu\/fr\/wp-json\/wp\/v2\/categories?post=8137"},{"taxonomy":"post_tag","embeddable":true,"href":"https:\/\/cmpaix.eu\/fr\/wp-json\/wp\/v2\/tags?post=8137"}],"curies":[{"name":"wp","href":"https:\/\/api.w.org\/{rel}","templated":true}]}}