{"id":8245,"date":"2016-10-04T12:41:48","date_gmt":"2016-10-04T10:41:48","guid":{"rendered":"http:\/\/cmpaix.eu\/fr\/?p=8245"},"modified":"2021-09-29T17:06:09","modified_gmt":"2021-09-29T15:06:09","slug":"13e-salon-du-livre-dhistoire-de-verdun","status":"publish","type":"post","link":"https:\/\/cmpaix.eu\/fr\/13e-salon-du-livre-dhistoire-de-verdun\/","title":{"rendered":"13e Salon du Livre d\u2019Histoire de Verdun"},"content":{"rendered":"<p>13e Salon du Livre d\u2019Histoire de Verdun<br \/>\n12 et 13 novembre 2016 de 10h \u00e0 12h30 et de 14h \u00e0 18h &#8211; entr\u00e9e libre<\/p>\n<p>Sous le parrainage de Michel BERNARD<\/p>\n<p>Le 13e Salon du Livre d\u2019Histoire de Verdun reviendra sur l\u2019actualit\u00e9 du livre 2016. Environ soixante auteurs, dont des militaires pr\u00e9senteront leur dernier ouvrage traitant de g\u00e9opolitique, de relations internationales, d\u2019Histoire et en particulier de la Premi\u00e8re Guerre mondiale. Cette ann\u00e9e, en plus des auteurs jeunesse, un grand espace sera d\u00e9di\u00e9 aux bandes dessin\u00e9es avec la pr\u00e9sence de dessinateurs et de sc\u00e9naristes de plusieurs maisons d\u2019\u00e9dition. Deux bouquinistes proposeront des livres anciens.<\/p>\n<p>Le prix \u00ab Mondes en guerres, mondes en paix \u00bb , cr\u00e9\u00e9 en 2005, r\u00e9compensera le meilleur ouvrage \u00ab guerre et paix \u00bb, paru au cours de l\u2019ann\u00e9e. Le prix \u00ab Sergent Maginot \u00bb , cr\u00e9\u00e9 pour le Centenaire, primera le meilleur livre sur la guerre paru dans l\u2019ann\u00e9e. Ces deux prix seront d\u00e9cern\u00e9s par un jury pr\u00e9sid\u00e9 par M. Jean-Pierre RIOUX, directeur de \u00ab Vingti\u00e8me si\u00e8cle \u2013 revue d\u2019Histoire \u00bb, inspecteur g\u00e9n\u00e9ral honoraire de l\u2019Education Nationale. <\/p>\n<p>Le salon du Livre d\u2019Histoire de Verdun est organis\u00e9 par <strong>l\u2019association \u00ab 14-18 Meuse \u00bb<\/strong> au Centre Mondial de la Paix en partenariat avec la Librairie Commercienne. Il est labellis\u00e9 par la Mission du Centenaire de la Premi\u00e8re Guerre mondiale.<\/p>\n<p><a href=\"http:\/\/cmpaix.fr\/docs\/FLYER_Salon2016.pdf\" target=\"_blank\" rel=\"noopener\">Flyer<\/a><br \/>\n<a href=\"http:\/\/cmpaix.fr\/docs\/DP_Salon2016.pdf\" target=\"_blank\" rel=\"noopener\">Dossier de presse<\/a><\/p>\n<p><img decoding=\"async\" src=\"http:\/\/cmpaix.eu\/fr\/wp-content\/uploads\/2016\/10\/salon-du-livre16-l.jpg\" data-orig-src=\"http:\/\/cmpaix.eu\/fr\/wp-content\/uploads\/2016\/10\/salon-du-livre16-l.jpg\" width=\"268\" height=\"394\" class=\"lazyload aligncenter size-full wp-image-8248\" srcset=\"data:image\/svg+xml,%3Csvg%20xmlns%3D%27http%3A%2F%2Fwww.w3.org%2F2000%2Fsvg%27%20width%3D%27268%27%20height%3D%27394%27%20viewBox%3D%270%200%20268%20394%27%3E%3Crect%20width%3D%27268%27%20height%3D%27394%27%20fill-opacity%3D%220%22%2F%3E%3C%2Fsvg%3E\" data-srcset=\"https:\/\/cmpaix.eu\/fr\/wp-content\/uploads\/2016\/10\/salon-du-livre16-l-204x300.jpg 204w, https:\/\/cmpaix.eu\/fr\/wp-content\/uploads\/2016\/10\/salon-du-livre16-l.jpg 268w\" data-sizes=\"auto\" data-orig-sizes=\"(max-width: 268px) 100vw, 268px\" \/><\/p>\n","protected":false},"excerpt":{"rendered":"<p>13e Salon du Livre d\u2019Histoire de Verdun 12 et 13 novembre 2016 de 10h \u00e0 12h30 et de 14h \u00e0 18h &#8211; entr\u00e9e libre Sous le parrainage de Michel BERNARD Le 13e Salon du Livre d\u2019Histoire de Verdun reviendra sur l\u2019actualit\u00e9 du livre 2016. Environ soixante auteurs, dont des militaires  [&#8230;]<\/p>\n","protected":false},"author":1,"featured_media":8246,"comment_status":"closed","ping_status":"closed","sticky":false,"template":"","format":"standard","meta":{"ngg_post_thumbnail":0,"footnotes":""},"categories":[35],"tags":[],"class_list":["post-8245","post","type-post","status-publish","format-standard","has-post-thumbnail","hentry","category-salon-du-livre-dhistoire"],"_links":{"self":[{"href":"https:\/\/cmpaix.eu\/fr\/wp-json\/wp\/v2\/posts\/8245","targetHints":{"allow":["GET"]}}],"collection":[{"href":"https:\/\/cmpaix.eu\/fr\/wp-json\/wp\/v2\/posts"}],"about":[{"href":"https:\/\/cmpaix.eu\/fr\/wp-json\/wp\/v2\/types\/post"}],"author":[{"embeddable":true,"href":"https:\/\/cmpaix.eu\/fr\/wp-json\/wp\/v2\/users\/1"}],"replies":[{"embeddable":true,"href":"https:\/\/cmpaix.eu\/fr\/wp-json\/wp\/v2\/comments?post=8245"}],"version-history":[{"count":6,"href":"https:\/\/cmpaix.eu\/fr\/wp-json\/wp\/v2\/posts\/8245\/revisions"}],"predecessor-version":[{"id":10203,"href":"https:\/\/cmpaix.eu\/fr\/wp-json\/wp\/v2\/posts\/8245\/revisions\/10203"}],"wp:featuredmedia":[{"embeddable":true,"href":"https:\/\/cmpaix.eu\/fr\/wp-json\/wp\/v2\/media\/8246"}],"wp:attachment":[{"href":"https:\/\/cmpaix.eu\/fr\/wp-json\/wp\/v2\/media?parent=8245"}],"wp:term":[{"taxonomy":"category","embeddable":true,"href":"https:\/\/cmpaix.eu\/fr\/wp-json\/wp\/v2\/categories?post=8245"},{"taxonomy":"post_tag","embeddable":true,"href":"https:\/\/cmpaix.eu\/fr\/wp-json\/wp\/v2\/tags?post=8245"}],"curies":[{"name":"wp","href":"https:\/\/api.w.org\/{rel}","templated":true}]}}