{"id":8945,"date":"2018-11-06T12:51:43","date_gmt":"2018-11-06T10:51:43","guid":{"rendered":"http:\/\/cmpaix.eu\/fr\/?p=8945"},"modified":"2021-09-29T17:06:07","modified_gmt":"2021-09-29T15:06:07","slug":"exposition-centenaire-armistice","status":"publish","type":"post","link":"https:\/\/cmpaix.eu\/fr\/exposition-centenaire-armistice\/","title":{"rendered":"Exposition Centenaire Armistice"},"content":{"rendered":"<p><strong>A l\u2019occasion du Centenaire de l\u2019Armistice du 11 novembre 1918, le Centre Mondial de la Paix, des libert\u00e9s et des droits de l\u2019Homme propose une exposition temporaire consacr\u00e9e \u00e0 la p\u00e9riode entourant la signature de la Convention d\u2019Armistice avec une sc\u00e9nographie tr\u00e8s symbolique.<\/strong><\/p>\n<p>Au centre, <strong>13 panneaux clairs dessinent une croix fun\u00e9raire<\/strong> identique \u00e0 celle au-dessus d\u2019une tombe d\u2019un cimeti\u00e8re militaire. Ces 13 panneaux reprennent en fran\u00e7ais et en allemand les 13 pages de la convention d\u2019armistice du 11 novembre 1918.<\/p>\n<p>Autour, <strong>27 panneaux r\u00e9alis\u00e9s sur fond noir sont autant d\u2019hommages aux millions de morts<\/strong> de la Grande Guerre. Chacun pr\u00e9sente la<strong> presse internationale des jours pr\u00e9c\u00e9dents et suivant la signature de l\u2019Armistice<\/strong>. 8 panneaux rappellent les cons\u00e9quences majeures de la grandes Guerre pour les principaux pays bellig\u00e9rants.<\/p>\n<p>En progressant, chaque panneau se rel\u00e8ve symbolisant l\u2019espoir d\u2019une paix \u00e0 venir et \u00e0 construire sur le continent europ\u00e9en. A droite et \u00e0 gauche, <strong>des \u00e9clats d\u2019obus du champ de bataille de Verdun<\/strong> calligraphient 1918 \u2013 2018.<\/p>\n<p><strong>A l\u2019occasion du centenaire de l\u2019Armistice, chaque visiteur sera invit\u00e9 \u00e0 signer la derni\u00e8re page de la Convention d\u2019Armistice, symbole d\u2019un engagement pour une paix durable<\/strong>. Ce panneau participatif sera expos\u00e9 de fa\u00e7on permanente dans les jardins du Centre Mondial de la Paix, des libert\u00e9s et des droits de l\u2019Homme<\/p>\n<p>Cette exposition est visible gratuitement dans la cour du Centre Mondial de la Paix, des libert\u00e9s et des droits de l\u2019Homme.<\/p>\n","protected":false},"excerpt":{"rendered":"<p>A l\u2019occasion du Centenaire de l\u2019Armistice du 11 novembre 1918, le Centre Mondial de la Paix, des libert\u00e9s et des droits de l\u2019Homme propose une exposition temporaire consacr\u00e9e \u00e0 la p\u00e9riode entourant la signature de la Convention d\u2019Armistice avec une sc\u00e9nographie tr\u00e8s symbolique. Au centre, 13 panneaux clairs dessinent une  [&#8230;]<\/p>\n","protected":false},"author":1,"featured_media":8944,"comment_status":"closed","ping_status":"closed","sticky":false,"template":"","format":"standard","meta":{"ngg_post_thumbnail":0,"footnotes":""},"categories":[41,3],"tags":[],"class_list":["post-8945","post","type-post","status-publish","format-standard","has-post-thumbnail","hentry","category-centenaire","category-expositions"],"_links":{"self":[{"href":"https:\/\/cmpaix.eu\/fr\/wp-json\/wp\/v2\/posts\/8945","targetHints":{"allow":["GET"]}}],"collection":[{"href":"https:\/\/cmpaix.eu\/fr\/wp-json\/wp\/v2\/posts"}],"about":[{"href":"https:\/\/cmpaix.eu\/fr\/wp-json\/wp\/v2\/types\/post"}],"author":[{"embeddable":true,"href":"https:\/\/cmpaix.eu\/fr\/wp-json\/wp\/v2\/users\/1"}],"replies":[{"embeddable":true,"href":"https:\/\/cmpaix.eu\/fr\/wp-json\/wp\/v2\/comments?post=8945"}],"version-history":[{"count":1,"href":"https:\/\/cmpaix.eu\/fr\/wp-json\/wp\/v2\/posts\/8945\/revisions"}],"predecessor-version":[{"id":8946,"href":"https:\/\/cmpaix.eu\/fr\/wp-json\/wp\/v2\/posts\/8945\/revisions\/8946"}],"wp:featuredmedia":[{"embeddable":true,"href":"https:\/\/cmpaix.eu\/fr\/wp-json\/wp\/v2\/media\/8944"}],"wp:attachment":[{"href":"https:\/\/cmpaix.eu\/fr\/wp-json\/wp\/v2\/media?parent=8945"}],"wp:term":[{"taxonomy":"category","embeddable":true,"href":"https:\/\/cmpaix.eu\/fr\/wp-json\/wp\/v2\/categories?post=8945"},{"taxonomy":"post_tag","embeddable":true,"href":"https:\/\/cmpaix.eu\/fr\/wp-json\/wp\/v2\/tags?post=8945"}],"curies":[{"name":"wp","href":"https:\/\/api.w.org\/{rel}","templated":true}]}}