{"id":9200,"date":"2019-09-25T17:23:23","date_gmt":"2019-09-25T15:23:23","guid":{"rendered":"http:\/\/cmpaix.eu\/fr\/?p=9200"},"modified":"2019-11-12T10:15:19","modified_gmt":"2019-11-12T08:15:19","slug":"visite-officielle-de-gerard-larcher","status":"publish","type":"post","link":"https:\/\/cmpaix.eu\/fr\/visite-officielle-de-gerard-larcher\/","title":{"rendered":"Visite officielle de G\u00e9rard  LARCHER"},"content":{"rendered":"\n<p><strong>Vendredi 11 octobre 2019, G\u00e9rard LARCHER Pr\u00e9sident du S\u00e9nat, visitera l\u2019exposition \u00ab Nous  Pr\u00e9sidents &#8211; 60 ans de Ve R\u00e9publique \u00bb au Centre Mondial de la Paix, des libert\u00e9s et des droits de  l&rsquo;Homme<\/strong>.<\/p>\n\n\n\n<p> Le S\u00e9nat est partenaire de l\u2019exposition<strong><em> \u00ab Nous Pr\u00e9sidents &#8211; 60 ans de Ve R\u00e9publique \u00bb<\/em><\/strong> par la mise \u00e0  disposition de nombreux objets illustrant le pouvoir l\u00e9gislatif. Ce partenariat, aux c\u00f4t\u00e9s de ceux des  autres principales Institutions fran\u00e7aises permet \u00e0 l\u2019exposition <strong><em>\u00ab Nous Pr\u00e9sidents &#8211; 60 ans de Ve  R\u00e9publique \u00bb<\/em><\/strong> d\u2019\u00eatre la plus importante exposition de France consacr\u00e9e \u00e0 cette th\u00e9matique<\/p>\n\n\n\n<p>Apr\u00e8s sa visite officielle, G\u00e9rard LARCHER inaugurera la sculpture<strong><em> \u00ab Ve R\u00e9publique \u00bb<\/em><\/strong> dans les jardins  du Centre Mondial de la Paix, des libert\u00e9s et des droits de l&rsquo;Homme et <strong>\u00e9changera avec les \u00e9lus locaux  et parlementaires du Grand Est de la France<\/strong>.<br><br> <strong>Cette visite officielle prend naturellement un relief particulier \u00e0 quelques jours du d\u00e9c\u00e8s du Pr\u00e9sident  Jacques CHIRAC dont plusieurs cadeaux sont pr\u00e9sents dans l\u2019exposition.<\/strong><\/p>\n\n\n\n<p>Pr\u00e9sence sur invitation uniquement.<\/p>\n","protected":false},"excerpt":{"rendered":"<p>Vendredi 11 octobre 2019, G\u00e9rard LARCHER Pr\u00e9sident du S\u00e9nat, visitera l\u2019exposition \u00ab Nous Pr\u00e9sidents &#8211; 60 ans de Ve R\u00e9publique \u00bb au Centre Mondial de la Paix, des libert\u00e9s et des droits de l&rsquo;Homme. Le S\u00e9nat est partenaire de l\u2019exposition \u00ab Nous Pr\u00e9sidents &#8211; 60 ans de Ve R\u00e9publique \u00bb  [&#8230;]<\/p>\n","protected":false},"author":1,"featured_media":9202,"comment_status":"closed","ping_status":"closed","sticky":false,"template":"","format":"standard","meta":{"ngg_post_thumbnail":0,"footnotes":""},"categories":[30],"tags":[],"class_list":["post-9200","post","type-post","status-publish","format-standard","has-post-thumbnail","hentry","category-conferences"],"_links":{"self":[{"href":"https:\/\/cmpaix.eu\/fr\/wp-json\/wp\/v2\/posts\/9200","targetHints":{"allow":["GET"]}}],"collection":[{"href":"https:\/\/cmpaix.eu\/fr\/wp-json\/wp\/v2\/posts"}],"about":[{"href":"https:\/\/cmpaix.eu\/fr\/wp-json\/wp\/v2\/types\/post"}],"author":[{"embeddable":true,"href":"https:\/\/cmpaix.eu\/fr\/wp-json\/wp\/v2\/users\/1"}],"replies":[{"embeddable":true,"href":"https:\/\/cmpaix.eu\/fr\/wp-json\/wp\/v2\/comments?post=9200"}],"version-history":[{"count":3,"href":"https:\/\/cmpaix.eu\/fr\/wp-json\/wp\/v2\/posts\/9200\/revisions"}],"predecessor-version":[{"id":9288,"href":"https:\/\/cmpaix.eu\/fr\/wp-json\/wp\/v2\/posts\/9200\/revisions\/9288"}],"wp:featuredmedia":[{"embeddable":true,"href":"https:\/\/cmpaix.eu\/fr\/wp-json\/wp\/v2\/media\/9202"}],"wp:attachment":[{"href":"https:\/\/cmpaix.eu\/fr\/wp-json\/wp\/v2\/media?parent=9200"}],"wp:term":[{"taxonomy":"category","embeddable":true,"href":"https:\/\/cmpaix.eu\/fr\/wp-json\/wp\/v2\/categories?post=9200"},{"taxonomy":"post_tag","embeddable":true,"href":"https:\/\/cmpaix.eu\/fr\/wp-json\/wp\/v2\/tags?post=9200"}],"curies":[{"name":"wp","href":"https:\/\/api.w.org\/{rel}","templated":true}]}}