{"id":9568,"date":"2020-10-02T10:35:24","date_gmt":"2020-10-02T08:35:24","guid":{"rendered":"http:\/\/cmpaix.eu\/fr\/?p=9568"},"modified":"2021-09-29T17:06:01","modified_gmt":"2021-09-29T15:06:01","slug":"master-class-et-conference-de-bernard-cazeneuve","status":"publish","type":"post","link":"https:\/\/cmpaix.eu\/fr\/master-class-et-conference-de-bernard-cazeneuve\/","title":{"rendered":"Master Class et Conf\u00e9rence de Bernard CAZENEUVE"},"content":{"rendered":"\n<style type=\"text\/css\">\n<!--\n#titre {\n\tfont-family: Arial, Helvetica, sans-serif;\n\tfont-size: 10px;\n\tline-height: 10px;\n}\n-->\n<\/style>\n<table width=\"100%\" border=\"0\" cellspacing=\"1\" cellpadding=\"5\">\n  <tr>\n    <td style=\"font-family: Helvetica, arial, sans-serif; font-size: 12px; color: #00000; text-align:center; line-height: 30px;\">\n      <h1>MASTER CLASS ET CONFE\u0301RENCE <\/h1><h1>Bernard CAZENEUVE<\/h1>\n      <h3>Ancien Premier ministre<br>\nAncien Ministre de l\u2019int\u00e9rieur \n\n<\/h3>\n\n<table width=\"100%\" border=\"0\" cellspacing=\"1\" cellpadding=\"5\">\n \n <tr><td width=\"100%\" style=\"font-family: Helvetica, arial, sans-serif; font-size: 18px; color: #00000; text-align:center; line-height: 18px; vertical-align: top;\"><strong>Th\u00e9matique : Terrorisme, vivre ensemble<\/strong><\/td><\/tr>\n  <tr><td width=\"100%\" style=\"font-family: Helvetica, arial, sans-serif; font-size: 18px; color: #00000; text-align:center; line-height: 18px; vertical-align: top;\"><br \/>Mardi 13 octobre a\u0300 partir de 10h<\/td><\/tr>\n    <tr>\n      <td width=\"100%\" style=\"font-family: Helvetica, arial, sans-serif; font-size: 14px; color: #00000; text-align:center; line-height: 18px; vertical-align: top;\"><p><br \/>\n        au Centre Mondial de la Paix des liberte\u0301s et des droits de l\u2019Homme &#8211; Verdun\n  <br \/>Salle des Audiences <\/p>\n         <p align=\"center\" ><a href=\"https:\/\/youtu.be\/Le0xgzpBZRU\" target=\"_blank\" rel=\"noopener noreferrer\">Revoir en replay<\/a><\/p> <p align=\"center\" ><div align=\"center\"><div class=\"fusion-fullwidth fullwidth-box fusion-builder-row-1 hundred-percent-fullwidth non-hundred-percent-height-scrolling\" style=\"--awb-border-radius-top-left:0px;--awb-border-radius-top-right:0px;--awb-border-radius-bottom-right:0px;--awb-border-radius-bottom-left:0px;--awb-overflow:visible;--awb-flex-wrap:wrap;\" ><div class=\"fusion-builder-row fusion-row\"><div class=\"fusion-layout-column fusion_builder_column fusion-builder-column-0 fusion_builder_column_1_1 1_1 fusion-one-full fusion-column-first fusion-column-last fusion-column-no-min-height\" style=\"--awb-bg-size:cover;--awb-margin-bottom:0px;\"><div class=\"fusion-column-wrapper fusion-flex-column-wrapper-legacy\"><div class=\"fusion-video fusion-youtube\" style=\"--awb-max-width:500px;--awb-max-height:500px;\"><div class=\"video-shortcode\"><div class=\"fluid-width-video-wrapper\" style=\"padding-top:100%;\" ><iframe title=\"YouTube video player 1\" src=\"https:\/\/www.youtube.com\/embed\/Le0xgzpBZRU?wmode=transparent&autoplay=0&oida=1\" width=\"500\" height=\"500\" allowfullscreen allow=\"autoplay; clipboard-write; encrypted-media; gyroscope; picture-in-picture;\"><\/iframe><\/div><\/div><\/div><\/div><\/p>\n\n\n<iframe src=\"http:\/\/www.cmpaix.fr\/photos\/galerie-Bernard-CAZENEUVE\/connected-carousels\/index.html\" width=\"100%\" height=\"600px\" frameborder=\"0\"><\/iframe>\n\n\n<\/td><\/tr>\n            <tr>\n      <td width=\"100%\" style=\"font-family: Helvetica, arial, sans-serif; font-size: 14px; color: #00000; text-align:center; line-height: 18px; vertical-align: top;\"><p><br \/>\n        Documents \u00e0 t\u00e9l\u00e9charger :\n  <a href=\"http:\/\/www.cmpaix.fr\/docs\/Invitation master class Bernard CAZENEUVE.pdf\" target=\"_blank\" rel=\"noopener noreferrer\">Invitation &nbsp;&nbsp;&nbsp;<img class=\"lazyload\" decoding=\"async\" src=\"data:image\/svg+xml,%3Csvg%20xmlns%3D%27http%3A%2F%2Fwww.w3.org%2F2000%2Fsvg%27%20width%3D%2727%27%20height%3D%2729%27%20viewBox%3D%270%200%2027%2029%27%3E%3Crect%20width%3D%2727%27%20height%3D%2729%27%20fill-opacity%3D%220%22%2F%3E%3C%2Fsvg%3E\" data-orig-src=\"http:\/\/www.cmpaix.eu\/newsletter\/img\/picto-tele.png\" width=\"27\" height=\"29\" \/><\/a><\/p><\/td><\/tr>\n            <tr>\n      <td width=\"100%\" style=\"font-family: Helvetica, arial, sans-serif; font-size: 14px; color: #00000; text-align:left\n      ; line-height: 18px; vertical-align: top;\"><table width=\"100%\" border=\"0\" cellspacing=\"1\" cellpadding=\"5\">\n \n<tr>\n <td width=\"25%\">&nbsp;<\/td>\n  <td width=\"65%\" style=\"font-family: Helvetica, arial, sans-serif; font-size: 14px; color: #00000; text-align:left; line-height: 18px; vertical-align: top;\"><p><br \/>\n        <strong>Biographie<\/strong> :<br \/> \n\nDipl\u00f4m\u00e9 de l\u2019Institut d\u2019\u00e9tudes politiques de Bordeaux, Bernard Cazeneuve est avocat. Il a \u00e9t\u00e9 membre de plusieurs cabinets minist\u00e9riels entre 1991 et 1993. \n<br \/><br \/>\nIl exerce plusieurs mandats d\u2019\u00e9lus dans la Manche de 1994 \u00e0 2012, dont celui de Maire d\u2019Octeville, puis de Cherbourg-Octeville apr\u00e8s la fusion des deux communes en 2000. Bernard Cazeneuve est juge titulaire de la Haute-Cour de Justice et de la Cour de Justice de la R\u00e9publique entre 1997 et 2002.\n<br \/><br \/>\nDans le cadre de l\u2019\u00e9lection pr\u00e9sidentielle de 2012, il est d\u00e9sign\u00e9 comme l\u2019un des quatre porte-parole de Fran\u00e7ois Hollande. Il est successivement nomm\u00e9, le 16 mai 2012, ministre d\u00e9l\u00e9gu\u00e9 aux Affaires europ\u00e9ennes et le 19 mars 2013, ministre d\u00e9l\u00e9gu\u00e9 au Budget. Le 2 avril 2014, \u00e0 l\u2019occasion d\u2019un remaniement minist\u00e9riel, il devient ministre de l\u2019Int\u00e9rieur, fonction qu\u2019il occupe jusqu\u2019en d\u00e9cembre 2016. Bernard Cazeneuve est alors nomm\u00e9 Premier ministre par Fran\u00e7ois Hollande, jusqu\u2019\u00e0 la d\u00e9mission de son gouvernement le 10 mai 2017 apr\u00e8s l\u2019\u00e9lection pr\u00e9sidentielle. Il rejoint ensuite le cabinet AUGUST DEBOUZY en qualit\u00e9 d\u2019Avocat associ\u00e9.\n<br \/><br \/>\nEn sus de son activit\u00e9 d\u2019avocat, il pr\u00e9side le conseil d\u2019administration de Sciences Po Bordeaux et assure un cours sur \u201cLa France face aux d\u00e9fis de la lutte antiterroriste\u201d \u00e0 l\u2019Institut d\u2019Etudes Politiques Paris. \n<br \/><br \/>\nN\u00e9 le 2 juin 1963 \u00e0 Senlis, Bernard Cazeneuve est mari\u00e9 et p\u00e8re de deux enfants.\n\n<br><br><br><br>\n <HR align=center size=1 width=\"25%\"><\/p><br \/><br \/>\n\n<strong>D\u00e9dicaces <\/strong>: <br>Apr\u00e8s les \u00e9changes, Bernard CAZENEUVE pourra d\u00e9dicacer ses ouvrages dont <br><br><img class=\"lazyload\" decoding=\"async\" style=\"padding-bottom: 1em; float: left; margin:1px; margin-right:15px;\" alt=\"\" src=\"data:image\/gif;base64,R0lGODlhAQABAAAAACH5BAEKAAEALAAAAAABAAEAAAICTAEAOw==\" data-orig-src=\"http:\/\/www.cmpaix.eu\/newsletter\/img\/livre-bernard-cazeneuve.jpg\" width=\"80\"><strong><i>\u00ab Chaque jour compte: 150 jours sous tension \u00e0 Matignon \u00bb<\/i><\/strong> <br>Editions STOCK  <br>Tarif : 19,50 \u20ac<br> Qt\u00e9 : 20 exemplaires\n<br><br>\n\n\n<br><br><br><br>\n\n<\/p><\/td>\n <td width=\"15%\" >&nbsp;<\/td>\n \n <\/tr>\n\n\n <tr>\n <td width=\"25%\">&nbsp;<\/td>\n  <td width=\"65%\" style=\"font-family: Helvetica, arial, sans-serif; font-size: 14px; color: #00000; text-align:left; line-height: 18px; vertical-align: top;\"><p><br \/>\n        <strong>Consignes sanitaires<\/strong> :<br \/> Le port correct du masque est imp\u00e9ratif dans les locaux et durant la Master-Class \u2013 conf\u00e9rence-d\u00e9bat<br \/>\n        Capacit\u00e9 maximale de la salle compte tenu de la distanciation physique :\n        100 personnes<br \/>\n        Lavage des mains imp\u00e9ratif \u00e0 l\u2019entr\u00e9e de la salle : gel hydro-alcoolique \u00e0 disposition<\/p><\/td>\n <td width=\"15%\" >&nbsp;<\/td>\n \n <\/tr>\n  <tr>\n <td width=\"25%\">&nbsp;<\/td>\n  <td width=\"65%\" style=\"font-family: Helvetica, arial, sans-serif; font-size: 14px; color: #00000; text-align:left; line-height: 18px; vertical-align: top;\"><p><br \/>\n        <a href=\"mailto:masterclass@cmpaix.eu?subject=Question Bernard Cazeneuve\" rel=\"noopener noreferrer\" target=\"_blank\"><strong>Posez vos questions en avance <\/strong><\/a> :<br \/>\n  <\/p><\/td>\n <td width=\"15%\" >&nbsp;<\/td>\n \n <\/tr>\n  <tr>\n <td width=\"25%\">&nbsp;<\/td>\n  <td width=\"65%\" style=\"font-family: Helvetica, arial, sans-serif; font-size: 14px; color: #00000; text-align:left; line-height: 18px; vertical-align: top;\"><p><br \/>\n        <strong>Sujets d\u2019actualit\u00e9 <\/strong> :<br \/>\n  <\/p><\/td>\n <td width=\"15%\" >&nbsp;<\/td>\n \n <\/tr>\n <\/table><\/td><\/tr>\n \n <tr>\n    <td style=\"font-family: Helvetica, arial, sans-serif; font-size: 12px; color: #00000; text-align:center; line-height: 30px;\">\n    <p align=\"center\"><p>&nbsp;<\/p> <HR align=center size=1 width=\"30%\"><\/p><p>&nbsp;<\/p>  <h3>La semaine franco-allemande et europ\u00e9enne du Centre Mondial de la Paix, des libert\u00e9s et des droits de l&rsquo;Homme<\/h3>\n      <h3>est organis\u00e9e avec le concours financier des partenaires financiers suivants <\/h3>\n<p align=\"center\" ><img class=\"lazyload\" decoding=\"async\" src=\"data:image\/gif;base64,R0lGODlhAQABAAAAACH5BAEKAAEALAAAAAABAAEAAAICTAEAOw==\" data-orig-src=\"http:\/\/www.cmpaix.eu\/newsletter\/img\/logos-partenaires-financiers.jpg\" \/><\/p>\n <h4>et les partenariats de<\/h4>\n<p align=\"center\" ><img class=\"lazyload\" decoding=\"async\" src=\"data:image\/gif;base64,R0lGODlhAQABAAAAACH5BAEKAAEALAAAAAABAAEAAAICTAEAOw==\" data-orig-src=\"http:\/\/www.cmpaix.eu\/newsletter\/img\/logos-partenaires.jpg\" \/><\/p><\/td>\n  <\/tr>\n \n<\/table>\n\n\n\n                                                                   <h4>\n      <p>&nbsp;<\/p><\/h4><\/td>\n  <\/tr>\n                                                                  \n<\/table>\n<div class=\"fusion-clearfix\"><\/div><\/div><\/div><\/div><\/div>","protected":false},"excerpt":{"rendered":"<p>MASTER CLASS ET CONFE\u0301RENCE Bernard CAZENEUVE Ancien Premier ministre Ancien Ministre de l\u2019int\u00e9rieur Th\u00e9matique : Terrorisme, vivre ensemble Mardi 13 octobre a\u0300 partir de 10h au Centre Mondial de la Paix des liberte\u0301s et des droits de l\u2019Homme &#8211; Verdun Salle des Audiences Revoir en replay<\/p>\n","protected":false},"author":1,"featured_media":0,"comment_status":"closed","ping_status":"closed","sticky":false,"template":"","format":"standard","meta":{"ngg_post_thumbnail":0,"footnotes":""},"categories":[30],"tags":[],"class_list":["post-9568","post","type-post","status-publish","format-standard","hentry","category-conferences"],"_links":{"self":[{"href":"https:\/\/cmpaix.eu\/fr\/wp-json\/wp\/v2\/posts\/9568","targetHints":{"allow":["GET"]}}],"collection":[{"href":"https:\/\/cmpaix.eu\/fr\/wp-json\/wp\/v2\/posts"}],"about":[{"href":"https:\/\/cmpaix.eu\/fr\/wp-json\/wp\/v2\/types\/post"}],"author":[{"embeddable":true,"href":"https:\/\/cmpaix.eu\/fr\/wp-json\/wp\/v2\/users\/1"}],"replies":[{"embeddable":true,"href":"https:\/\/cmpaix.eu\/fr\/wp-json\/wp\/v2\/comments?post=9568"}],"version-history":[{"count":11,"href":"https:\/\/cmpaix.eu\/fr\/wp-json\/wp\/v2\/posts\/9568\/revisions"}],"predecessor-version":[{"id":10167,"href":"https:\/\/cmpaix.eu\/fr\/wp-json\/wp\/v2\/posts\/9568\/revisions\/10167"}],"wp:attachment":[{"href":"https:\/\/cmpaix.eu\/fr\/wp-json\/wp\/v2\/media?parent=9568"}],"wp:term":[{"taxonomy":"category","embeddable":true,"href":"https:\/\/cmpaix.eu\/fr\/wp-json\/wp\/v2\/categories?post=9568"},{"taxonomy":"post_tag","embeddable":true,"href":"https:\/\/cmpaix.eu\/fr\/wp-json\/wp\/v2\/tags?post=9568"}],"curies":[{"name":"wp","href":"https:\/\/api.w.org\/{rel}","templated":true}]}}