{"id":9571,"date":"2020-10-02T10:38:16","date_gmt":"2020-10-02T08:38:16","guid":{"rendered":"http:\/\/cmpaix.eu\/fr\/?p=9571"},"modified":"2021-09-29T17:06:01","modified_gmt":"2021-09-29T15:06:01","slug":"master-class-et-conference-de-caroline-lamboley","status":"publish","type":"post","link":"https:\/\/cmpaix.eu\/fr\/master-class-et-conference-de-caroline-lamboley\/","title":{"rendered":"Master Class et Conf\u00e9rence de Caroline LAMBOLEY"},"content":{"rendered":"\n<style type=\"text\/css\">\n<!--\n#titre {\n\tfont-family: Arial, Helvetica, sans-serif;\n\tfont-size: 10px;\n\tline-height: 10px;\n}\n-->\n<\/style>\n<table width=\"100%\" border=\"0\" cellspacing=\"1\" cellpadding=\"5\">\n  <tr>\n    <td style=\"font-family: Helvetica, arial, sans-serif; font-size: 12px; color: #00000; text-align:center; line-height: 30px;\">\n      <h1>MASTER CLASS ET CONFE\u0301RENCE <\/h1><h1>Caroline LAMBOLEY <\/h1>\n      <h3>Experte en ressources humaines<br> Chasseur de t\u00eates pour les plus grandes entreprises \u00e0 Luxembourg <br>Fondatrice de Lamboley Executive Search <br>Laur\u00e9ate du prix \u00ab HR manager of the year \u00bb en 2013 \n\n<\/h3>\n\n<table width=\"100%\" border=\"0\" cellspacing=\"1\" cellpadding=\"5\">\n \n <tr><td width=\"100%\" style=\"font-family: Helvetica, arial, sans-serif; font-size: 18px; color: #00000; text-align:center; line-height: 18px; vertical-align: top;\"><strong>Th\u00e9matique : L\u2019\u00e9galit\u00e9 hommes\/femmes dans le monde du travail <\/strong><\/td><\/tr>\n  <tr><td width=\"100%\" style=\"font-family: Helvetica, arial, sans-serif; font-size: 18px; color: #00000; text-align:center; line-height: 18px; vertical-align: top;\"><br \/>Vendredi 16 octobre a\u0300 partir de 14h<\/td><\/tr>\n    <tr>\n      <td width=\"100%\" style=\"font-family: Helvetica, arial, sans-serif; font-size: 14px; color: #00000; text-align:center; line-height: 18px; vertical-align: top;\"><p><br \/>\n        au Centre Mondial de la Paix des liberte\u0301s et des droits de l\u2019Homme &#8211; Verdun\n  <br \/>Salle des Audiences <\/p>\n         \n <p align=\"center\" ><a href=\"https:\/\/youtu.be\/PyW2KY_kHiI\" target=\"_blank\" rel=\"noopener noreferrer\">Revoir en replay<\/a><\/p> <p align=\"center\" ><div align=\"center\"><div class=\"fusion-fullwidth fullwidth-box fusion-builder-row-1 hundred-percent-fullwidth non-hundred-percent-height-scrolling\" style=\"--awb-border-radius-top-left:0px;--awb-border-radius-top-right:0px;--awb-border-radius-bottom-right:0px;--awb-border-radius-bottom-left:0px;--awb-overflow:visible;--awb-flex-wrap:wrap;\" ><div class=\"fusion-builder-row fusion-row\"><div class=\"fusion-layout-column fusion_builder_column fusion-builder-column-0 fusion_builder_column_1_1 1_1 fusion-one-full fusion-column-first fusion-column-last fusion-column-no-min-height\" style=\"--awb-bg-size:cover;--awb-margin-bottom:0px;\"><div class=\"fusion-column-wrapper fusion-flex-column-wrapper-legacy\"><div class=\"fusion-video fusion-youtube\" style=\"--awb-max-width:500px;--awb-max-height:500px;\"><div class=\"video-shortcode\"><div class=\"fluid-width-video-wrapper\" style=\"padding-top:100%;\" ><iframe title=\"YouTube video player 1\" src=\"https:\/\/www.youtube.com\/embed\/PyW2KY_kHiI?wmode=transparent&autoplay=0&oida=1\" width=\"500\" height=\"500\" allowfullscreen allow=\"autoplay; clipboard-write; encrypted-media; gyroscope; picture-in-picture;\"><\/iframe><\/div><\/div><\/div><\/div><\/p>\n\n\n<p align=\"center\" >\n<iframe src=\"http:\/\/www.cmpaix.fr\/photos\/galerie-Caroline-LAMBOLEY\/connected-carousels\/index.html\" width=\"100%\" height=\"600px\" frameborder=\"0\"><\/iframe>\n<\/p>\n\n<\/td><\/tr>\n            <tr>\n      <td width=\"100%\" style=\"font-family: Helvetica, arial, sans-serif; font-size: 14px; color: #00000; text-align:center; line-height: 18px; vertical-align: top;\"><p><br \/>\n        Documents \u00e0 t\u00e9l\u00e9charger :\n  <a href=\"http:\/\/www.cmpaix.fr\/docs\/Invitation master class Caroline LAMBOLEY.pdf\" target=\"_blank\" rel=\"noopener noreferrer\">Invitation &nbsp;&nbsp;&nbsp;<img class=\"lazyload\" decoding=\"async\" src=\"data:image\/svg+xml,%3Csvg%20xmlns%3D%27http%3A%2F%2Fwww.w3.org%2F2000%2Fsvg%27%20width%3D%2727%27%20height%3D%2729%27%20viewBox%3D%270%200%2027%2029%27%3E%3Crect%20width%3D%2727%27%20height%3D%2729%27%20fill-opacity%3D%220%22%2F%3E%3C%2Fsvg%3E\" data-orig-src=\"http:\/\/www.cmpaix.eu\/newsletter\/img\/picto-tele.png\" width=\"27\" height=\"29\" \/><\/a><\/p><\/td><\/tr>\n            <tr>\n      <td width=\"100%\" style=\"font-family: Helvetica, arial, sans-serif; font-size: 14px; color: #00000; text-align:left\n      ; line-height: 18px; vertical-align: top;\"><table width=\"100%\" border=\"0\" cellspacing=\"1\" cellpadding=\"5\">\n \n<tr>\n <td width=\"25%\">&nbsp;<\/td>\n  <td width=\"65%\" style=\"font-family: Helvetica, arial, sans-serif; font-size: 14px; color: #00000; text-align:left; line-height: 18px; vertical-align: top;\"><p><br \/>\n        <strong>Biographie<\/strong> :<br \/> \n\nFondatrice de Lamboley Executive Search, j\u2019ai accompli ma carri\u00e8re au Luxembourg. Mon exp\u00e9rience d\u00e9bute dans l\u2019industrie au sein du groupe Guardian.\n<br \/> <br \/> \nPuis, je choisis de rejoindre le cabinet Deloitte pendant 14 ans pour y acqu\u00e9rir et d\u00e9velopper mes comp\u00e9tences en mati\u00e8re de gestion des ressources humaines.\n<br \/> <br \/> \nForte de cette exp\u00e9rience, je prends la direction des Ressources Humaines du groupe BDO et de ses filiales pendant 6 ans.\n<br \/> <br \/> \nCe parcours m\u2019a permis d\u2019\u00eatre responsable de la mise en place de politiques et strat\u00e9gies RH couvrant le recrutement, la formation, la gestion de la performance, la gestion de projets innovants, l\u2019accompagnement du Top Management et la communication.\n<br \/> <br \/> \nDes milliers de candidats s\u00e9lectionn\u00e9s, rencontr\u00e9s, recrut\u00e9s puis accompagn\u00e9s m\u2019ont fourni l\u2019opportunit\u00e9 de b\u00e2tir un r\u00e9seau de tr\u00e8s grande qualit\u00e9.\n<br \/> <br \/> \nJ\u2019obtiens en 2013 le prix \u00ab HR manager of the year \u00bb d\u00e9cern\u00e9 par la communaut\u00e9 RH de Luxembourg.\n\n\n<\/p><\/td>\n <td width=\"15%\" >&nbsp;<\/td>\n \n <\/tr>\n\n\n <tr>\n <td width=\"25%\">&nbsp;<\/td>\n  <td width=\"65%\" style=\"font-family: Helvetica, arial, sans-serif; font-size: 14px; color: #00000; text-align:left; line-height: 18px; vertical-align: top;\"><p><br \/>\n        <strong>Consignes sanitaires<\/strong> :<br \/> Le port correct du masque est imp\u00e9ratif dans les locaux et durant la Master-Class \u2013 conf\u00e9rence-d\u00e9bat<br \/>\n        Capacit\u00e9 maximale de la salle compte tenu de la distanciation physique :\n        100 personnes<br \/>\n        Lavage des mains imp\u00e9ratif \u00e0 l\u2019entr\u00e9e de la salle : gel hydro-alcoolique \u00e0 disposition<\/p><\/td>\n <td width=\"15%\" >&nbsp;<\/td>\n \n <\/tr>\n\n  \n <tr>\n <td width=\"25%\">&nbsp;<\/td>\n  <td width=\"65%\" style=\"font-family: Helvetica, arial, sans-serif; font-size: 14px; color: #00000; text-align:left; line-height: 18px; vertical-align: top;\"><p><br \/>\n        <a href=\"mailto:masterclass@cmpaix.eu?subject=Question Master Class Caroline Lamboley\" rel=\"noopener noreferrer\" target=\"_blank\"><strong>Posez vos questions en avance <\/strong><\/a> :<br \/>\n  <\/p><\/td>\n <td width=\"15%\" >&nbsp;<\/td>\n \n <\/tr>\n <\/table><\/td><\/tr>\n \n <tr>\n    <td style=\"font-family: Helvetica, arial, sans-serif; font-size: 12px; color: #00000; text-align:center; line-height: 30px;\">\n    <p align=\"center\"><p>&nbsp;<\/p> <HR align=center size=1 width=\"30%\"><\/p><p>&nbsp;<\/p>  <h3>La semaine franco-allemande et europ\u00e9enne du Centre Mondial de la Paix, des libert\u00e9s et des droits de l&rsquo;Homme<\/h3>\n      <h3>est organis\u00e9e avec le concours financier des partenaires financiers suivants <\/h3>\n<p align=\"center\" ><img class=\"lazyload\" decoding=\"async\" src=\"data:image\/gif;base64,R0lGODlhAQABAAAAACH5BAEKAAEALAAAAAABAAEAAAICTAEAOw==\" data-orig-src=\"http:\/\/www.cmpaix.eu\/newsletter\/img\/logos-partenaires-financiers.jpg\" \/><\/p>\n <h4>et les partenariats de<\/h4>\n<p align=\"center\" ><img class=\"lazyload\" decoding=\"async\" src=\"data:image\/gif;base64,R0lGODlhAQABAAAAACH5BAEKAAEALAAAAAABAAEAAAICTAEAOw==\" data-orig-src=\"http:\/\/www.cmpaix.eu\/newsletter\/img\/logos-partenaires.jpg\" \/><\/p><\/td>\n  <\/tr>\n \n<\/table>\n\n\n\n                                                                   <h4>\n      <p>&nbsp;<\/p><\/h4><\/td>\n  <\/tr>\n                                                                  \n<\/table>\n<div class=\"fusion-clearfix\"><\/div><\/div><\/div><\/div><\/div>","protected":false},"excerpt":{"rendered":"<p>MASTER CLASS ET CONFE\u0301RENCE Caroline LAMBOLEY Experte en ressources humaines Chasseur de t\u00eates pour les plus grandes entreprises \u00e0 Luxembourg Fondatrice de Lamboley Executive Search Laur\u00e9ate du prix \u00ab HR manager of the year \u00bb en 2013 Th\u00e9matique : L\u2019\u00e9galit\u00e9 hommes\/femmes dans le monde du travail Vendredi 16 octobre a\u0300  [&#8230;]<\/p>\n","protected":false},"author":1,"featured_media":0,"comment_status":"closed","ping_status":"closed","sticky":false,"template":"","format":"standard","meta":{"ngg_post_thumbnail":0,"footnotes":""},"categories":[30],"tags":[],"class_list":["post-9571","post","type-post","status-publish","format-standard","hentry","category-conferences"],"_links":{"self":[{"href":"https:\/\/cmpaix.eu\/fr\/wp-json\/wp\/v2\/posts\/9571","targetHints":{"allow":["GET"]}}],"collection":[{"href":"https:\/\/cmpaix.eu\/fr\/wp-json\/wp\/v2\/posts"}],"about":[{"href":"https:\/\/cmpaix.eu\/fr\/wp-json\/wp\/v2\/types\/post"}],"author":[{"embeddable":true,"href":"https:\/\/cmpaix.eu\/fr\/wp-json\/wp\/v2\/users\/1"}],"replies":[{"embeddable":true,"href":"https:\/\/cmpaix.eu\/fr\/wp-json\/wp\/v2\/comments?post=9571"}],"version-history":[{"count":11,"href":"https:\/\/cmpaix.eu\/fr\/wp-json\/wp\/v2\/posts\/9571\/revisions"}],"predecessor-version":[{"id":10166,"href":"https:\/\/cmpaix.eu\/fr\/wp-json\/wp\/v2\/posts\/9571\/revisions\/10166"}],"wp:attachment":[{"href":"https:\/\/cmpaix.eu\/fr\/wp-json\/wp\/v2\/media?parent=9571"}],"wp:term":[{"taxonomy":"category","embeddable":true,"href":"https:\/\/cmpaix.eu\/fr\/wp-json\/wp\/v2\/categories?post=9571"},{"taxonomy":"post_tag","embeddable":true,"href":"https:\/\/cmpaix.eu\/fr\/wp-json\/wp\/v2\/tags?post=9571"}],"curies":[{"name":"wp","href":"https:\/\/api.w.org\/{rel}","templated":true}]}}