{"id":9878,"date":"2020-09-19T10:40:06","date_gmt":"2020-09-19T08:40:06","guid":{"rendered":"http:\/\/cmpaix.eu\/fr\/?p=9878"},"modified":"2021-09-29T17:06:03","modified_gmt":"2021-09-29T15:06:03","slug":"master-class-und-konferenz-von-martin-schulz","status":"publish","type":"post","link":"https:\/\/cmpaix.eu\/fr\/master-class-und-konferenz-von-martin-schulz\/","title":{"rendered":"Master Class und Konferenz von Martin SCHULZ"},"content":{"rendered":"\n<style type=\"text\/css\">\n<!--\n#titre {\n\tfont-family: Arial, Helvetica, sans-serif;\n\tfont-size: 10px;\n\tline-height: 10px;\n}\n-->\n<\/style>\n<table width=\"100%\" border=\"0\" cellspacing=\"1\" cellpadding=\"5\">\n  <tr>\n    <td style=\"font-family: Helvetica, arial, sans-serif; font-size: 12px; color: #00000; text-align:center; line-height: 30px;\">\n      <h1>MASTER CLASS UND KONFERENZ<\/h1>\n      <h1>Martin SCHULZ<\/h1>\n      <h3>Ehemaliger Pr\u00e4sident des europ\u00e4ischen Parlaments<br>\nAbgeordneter des Bundestages,<br>\nEhren-Co-Pr\u00e4sident des Weltzentrums f\u00fcr Frieden, Freiheiten und Menschenrechte<\/h3>\n\n<table width=\"100%\" border=\"0\" cellspacing=\"1\" cellpadding=\"5\">\n \n <tr><td width=\"100%\" style=\"font-family: Helvetica, arial, sans-serif; font-size: 18px; color: #00000; text-align:center; line-height: 18px; vertical-align: top;\"><strong>Thema: deutsch-franz\u00f6sische Beziehungen und europ\u00e4ische Beziehungen<\/strong><\/td><\/tr>\n  <tr><td width=\"100%\" style=\"font-family: Helvetica, arial, sans-serif; font-size: 18px; color: #00000; text-align:center; line-height: 18px; vertical-align: top;\"><br \/>\n    Montag, 12. Oktober ab 13.30 Uhr<\/td><\/tr>\n    <tr>\n      <td width=\"100%\" style=\"font-family: Helvetica, arial, sans-serif; font-size: 14px; color: #00000; text-align:center; line-height: 18px; vertical-align: top;\"><p><br \/>\nIm Zentrum f\u00fcr Frieden,\nFreiheiten und Menschenrechte \u2013 Verdun <br \/>\nAudienzsaal <\/p>\n        <p align=\"center\" ><a href=\"https:\/\/youtu.be\/WiODOMvWkDE\" target=\"_blank\" rel=\"noopener noreferrer\">Replay ansehen<\/a><\/p> <p align=\"center\" ><div align=\"center\"><div class=\"fusion-fullwidth fullwidth-box fusion-builder-row-1 hundred-percent-fullwidth non-hundred-percent-height-scrolling\" style=\"--awb-border-radius-top-left:0px;--awb-border-radius-top-right:0px;--awb-border-radius-bottom-right:0px;--awb-border-radius-bottom-left:0px;--awb-overflow:visible;--awb-flex-wrap:wrap;\" ><div class=\"fusion-builder-row fusion-row\"><div class=\"fusion-layout-column fusion_builder_column fusion-builder-column-0 fusion_builder_column_1_1 1_1 fusion-one-full fusion-column-first fusion-column-last fusion-column-no-min-height\" style=\"--awb-bg-size:cover;--awb-margin-bottom:0px;\"><div class=\"fusion-column-wrapper fusion-flex-column-wrapper-legacy\"><div class=\"fusion-video fusion-youtube\" style=\"--awb-max-width:500px;--awb-max-height:500px;\"><div class=\"video-shortcode\"><div class=\"fluid-width-video-wrapper\" style=\"padding-top:100%;\" ><iframe title=\"YouTube video player 1\" src=\"https:\/\/www.youtube.com\/embed\/WiODOMvWkDE?wmode=transparent&autoplay=0&oida=1\" width=\"500\" height=\"500\" allowfullscreen allow=\"autoplay; clipboard-write; encrypted-media; gyroscope; picture-in-picture;\"><\/iframe><\/div><\/div><\/div><\/div><\/p>\n\n<p align=\"center\" >\n<iframe src=\"http:\/\/www.cmpaix.fr\/photos\/galerie-Martin-SCHULZ\/connected-carousels\/index.html\" width=\"100%\" height=\"600px\" frameborder=\"0\"><\/iframe>\n\n<\/td><\/tr>\n          <!---  <tr>\n      <td width=\"100%\" style=\"font-family: Helvetica, arial, sans-serif; font-size: 14px; color: #00000; text-align:center; line-height: 18px; vertical-align: top;\"><p><br \/>\n        Documents \u00e0 t\u00e9l\u00e9charger :\n  <a href=\"http:\/\/www.cmpaix.fr\/docs\/Invitation master class Martin SCHULZ.pdf\" target=\"_blank\" rel=\"noopener noreferrer\">Invitation &nbsp;&nbsp;&nbsp;<img class=\"lazyload\" decoding=\"async\" src=\"data:image\/svg+xml,%3Csvg%20xmlns%3D%27http%3A%2F%2Fwww.w3.org%2F2000%2Fsvg%27%20width%3D%2727%27%20height%3D%2729%27%20viewBox%3D%270%200%2027%2029%27%3E%3Crect%20width%3D%2727%27%20height%3D%2729%27%20fill-opacity%3D%220%22%2F%3E%3C%2Fsvg%3E\" data-orig-src=\"http:\/\/www.cmpaix.eu\/newsletter\/img\/picto-tele.png\" width=\"27\" height=\"29\" \/><\/a><\/p><\/td><\/tr> --->\n            <tr>\n      <td width=\"100%\" style=\"font-family: Helvetica, arial, sans-serif; font-size: 14px; color: #00000; text-align:left\n      ; line-height: 18px; vertical-align: top;\"><table width=\"100%\" border=\"0\" cellspacing=\"1\" cellpadding=\"5\">\n \n\n<tr>\n <td width=\"25%\">&nbsp;<\/td>\n  <td width=\"65%\" style=\"font-family: Helvetica, arial, sans-serif; font-size: 14px; color: #00000; text-align:left; line-height: 18px; vertical-align: top;\"><p><br \/>\n        <strong>Biographie<\/strong>:<br \/> \n\nMartin Schulz ist am 20. Dezember 1955 in Hehlrath, heute Eschweiler, nahe der deutsch-niederl\u00e4ndisch-belgischen Grenze geboren. Das Aufwachsen in drei L\u00e4ndern hat seine Leidenschaft f\u00fcr das Lernen von Fremdsprachen, kulturelle Austausche und grenz\u00fcberschreitende Kooperationen entstehen lassen. <br><br>\nNach seiner Ausbildung als Bibliothekar, hat er seine eigene B\u00fccherei gegr\u00fcndet, die auf politische Literatur spezialisiert war. Sein Eintritt in die SPD mit 19 Jahren und sein politisches Engagement hat zu seiner Wahl zum B\u00fcrgermeister seiner Geburtsstadt W\u00fcrselen im Jahr 1987 gef\u00fchrt. Dieses B\u00fcro hat er f\u00fcr drei Wahlperioden besetzt.<br><br>\nIm Juni 1994 ist Martin Schulz Mitglied im Europ\u00e4ischen Parlament geworden, in welchem er Verantwortung als Pr\u00e4sident der SPD-Gruppe und sp\u00e4ter als Pr\u00e4sident der sozialistischen Fraktion und der Fraktion der Progressiven Allianz der Sozialdemokraten (Gruppe S&#038;D) wahrgenommen hat. 2012 wurde er zum Pr\u00e4sidenten des europ\u00e4ischen Parlaments gew\u00e4hlt und 2014 als erster und einziger Pr\u00e4sident des Parlaments wiedergew\u00e4hlt. F\u00fcr seinen au\u00dfergew\u00f6hnlichen Dienst zur St\u00e4rkung des Parlaments und zur demokratischen Legitimit\u00e4t der EU hat Martin Schulz 2015 den Preis Charlemagne erhalten.<br><br>\nNach 23 Jahren Arbeit im Europ\u00e4ischen Parlament wurde Martin Schulz 2017 zum Parteivorsitz der SPD gew\u00e4hlt und ist als Kanzlerkandidat bei der Bundestagswahl 2017 in das Rennen gegangen. Seit 2017 ist er Mitglied des 19. Bundestag, stellvertretendes Mitglied des Ausw\u00e4rtigen Ausschuss und stellvertretendes Mitglied im Ausschuss f\u00fcr Angelegenheiten der Europ\u00e4ischen Union.<br><br>\nMartin Schulz ist verheiratet und hat zwei Kinder.\n\n\n<!---\n<br><br><br><br>\n <HR align=center size=1 width=\"25%\"><\/p><br \/><br \/>\n\n<strong>D\u00e9dicaces <\/strong>: <br>Apr\u00e8s les \u00e9changes, Martin SCHULZ pourra d\u00e9dicacer ses ouvrages dont <br><br><img class=\"lazyload\" decoding=\"async\" style=\"padding-bottom: 1em; float: left; margin:1px; margin-right:15px;\" alt=\"\" src=\"data:image\/gif;base64,R0lGODlhAQABAAAAACH5BAEKAAEALAAAAAABAAEAAAICTAEAOw==\" data-orig-src=\"http:\/\/www.cmpaix.eu\/newsletter\/img\/livre-martin-schulz.jpg\" width=\"80\"><strong><i>\u00ab Le Parlement europ\u00e9en \u00bb<\/i><\/strong> <br>Editions Nane  <br> Qt\u00e9 : 30 exemplaires\n<br><br>\n\n\n<br><br><br><br>\n\n--->\n<\/p><\/td>\n <td width=\"15%\" >&nbsp;<\/td>\n \n <\/tr>\n\n\n\n <tr>\n <td width=\"25%\">&nbsp;<\/td>\n  <td width=\"65%\" style=\"font-family: Helvetica, arial, sans-serif; font-size: 14px; color: #00000; text-align:left; line-height: 18px; vertical-align: top;\"><p><br \/>\n       <strong>Gesundheitsvorschriften<\/strong> :<br \/>\n        Das korrekte Tragen der Maske ist zwingendes Erfordernis in den R\u00e4umen w\u00e4hrend der Master-Class \u2013 Konferenz-Diskussion<br><br>\n        Maximale Kapazit\u00e4t des Raumes ber\u00fccksichtigt den physischen Abstand: 100 Personen<br><br>\n        H\u00e4ndewaschen ist zwingendes Erfordernis im Eingangssaal: Desinfektionsgel steht zur Verf\u00fcgung<\/p><\/td>\n <td width=\"15%\" >&nbsp;<\/td>\n \n <\/tr>\n<!--- <tr>\n <td width=\"25%\">&nbsp;<\/td>\n  <td width=\"65%\" style=\"font-family: Helvetica, arial, sans-serif; font-size: 14px; color: #00000; text-align:left; line-height: 18px; vertical-align: top;\"><p><br \/>\n        <a href=\"mailto:masterclass@cmpaix.eu?subject=Question Master Class Martin Schulz\" rel=\"noopener noreferrer\" target=\"_blank\"><strong>Posez vos questions en avance <\/strong><\/a> :<br \/>\n  <\/p><\/td>\n <td width=\"15%\" >&nbsp;<\/td>\n \n <\/tr>\n  <tr>\n <td width=\"25%\">&nbsp;<\/td>\n  <td width=\"65%\" style=\"font-family: Helvetica, arial, sans-serif; font-size: 14px; color: #00000; text-align:left; line-height: 18px; vertical-align: top;\"><p><br \/>\n        <strong>Sujets d\u2019actualit\u00e9 <\/strong> :<br \/>\n  <\/p><\/td>\n <td width=\"15%\" >&nbsp;<\/td>\n \n <\/tr> --->\n <\/table><\/td><\/tr>\n \n <tr>\n    <td style=\"font-family: Helvetica, arial, sans-serif; font-size: 12px; color: #00000; text-align:center; line-height: 30px;\">\n    <p align=\"center\"><p>&nbsp;<\/p> <HR align=center size=1 width=\"30%\"><\/p><p>&nbsp;<\/p>  <h3>Die deutsch-franz\u00f6sische Woche von Weltzentrum f\u00fcr Frieden, Freiheiten und Menschenrechte <\/h3>\n      <h3>ist organisiert unter finanzielle Mitwirkung der folgenden Finanzpartner<\/h3>\n<p align=\"center\" ><img class=\"lazyload\" decoding=\"async\" src=\"data:image\/gif;base64,R0lGODlhAQABAAAAACH5BAEKAAEALAAAAAABAAEAAAICTAEAOw==\" data-orig-src=\"http:\/\/www.cmpaix.eu\/newsletter\/img\/logos-partenaires-financiers.jpg\" \/><\/p>\n <h4>und der Partnerschaft von<\/h4>\n<p align=\"center\" ><img class=\"lazyload\" decoding=\"async\" src=\"data:image\/gif;base64,R0lGODlhAQABAAAAACH5BAEKAAEALAAAAAABAAEAAAICTAEAOw==\" data-orig-src=\"http:\/\/www.cmpaix.eu\/newsletter\/img\/logos-partenaires.jpg\" \/><\/p><\/td>\n  <\/tr>\n \n<\/table>\n\n\n\n                                                                   <h4>\n      <p>&nbsp;<\/p><\/h4><\/td>\n  <\/tr>\n                                                                  \n<\/table>\n<div class=\"fusion-clearfix\"><\/div><\/div><\/div><\/div><\/div>","protected":false},"excerpt":{"rendered":"<p>MASTER CLASS UND KONFERENZ Martin SCHULZ Ehemaliger Pr\u00e4sident des europ\u00e4ischen Parlaments Abgeordneter des Bundestages, Ehren-Co-Pr\u00e4sident des Weltzentrums f\u00fcr Frieden, Freiheiten und Menschenrechte Thema: deutsch-franz\u00f6sische Beziehungen und europ\u00e4ische Beziehungen Montag, 12. Oktober ab 13.30 Uhr Im Zentrum f\u00fcr Frieden, Freiheiten und Menschenrechte \u2013 Verdun Audienzsaal Replay ansehen<\/p>\n","protected":false},"author":1,"featured_media":0,"comment_status":"closed","ping_status":"closed","sticky":false,"template":"","format":"standard","meta":{"ngg_post_thumbnail":0,"footnotes":""},"categories":[30],"tags":[],"class_list":["post-9878","post","type-post","status-publish","format-standard","hentry","category-conferences"],"_links":{"self":[{"href":"https:\/\/cmpaix.eu\/fr\/wp-json\/wp\/v2\/posts\/9878","targetHints":{"allow":["GET"]}}],"collection":[{"href":"https:\/\/cmpaix.eu\/fr\/wp-json\/wp\/v2\/posts"}],"about":[{"href":"https:\/\/cmpaix.eu\/fr\/wp-json\/wp\/v2\/types\/post"}],"author":[{"embeddable":true,"href":"https:\/\/cmpaix.eu\/fr\/wp-json\/wp\/v2\/users\/1"}],"replies":[{"embeddable":true,"href":"https:\/\/cmpaix.eu\/fr\/wp-json\/wp\/v2\/comments?post=9878"}],"version-history":[{"count":2,"href":"https:\/\/cmpaix.eu\/fr\/wp-json\/wp\/v2\/posts\/9878\/revisions"}],"predecessor-version":[{"id":10178,"href":"https:\/\/cmpaix.eu\/fr\/wp-json\/wp\/v2\/posts\/9878\/revisions\/10178"}],"wp:attachment":[{"href":"https:\/\/cmpaix.eu\/fr\/wp-json\/wp\/v2\/media?parent=9878"}],"wp:term":[{"taxonomy":"category","embeddable":true,"href":"https:\/\/cmpaix.eu\/fr\/wp-json\/wp\/v2\/categories?post=9878"},{"taxonomy":"post_tag","embeddable":true,"href":"https:\/\/cmpaix.eu\/fr\/wp-json\/wp\/v2\/tags?post=9878"}],"curies":[{"name":"wp","href":"https:\/\/api.w.org\/{rel}","templated":true}]}}