{"id":9917,"date":"2020-11-19T15:50:14","date_gmt":"2020-11-19T13:50:14","guid":{"rendered":"http:\/\/cmpaix.eu\/fr\/?p=9917"},"modified":"2021-09-29T17:05:59","modified_gmt":"2021-09-29T15:05:59","slug":"master-class-und-konferenz-von-leo-cure","status":"publish","type":"post","link":"https:\/\/cmpaix.eu\/fr\/master-class-und-konferenz-von-leo-cure\/","title":{"rendered":"Master Class und Konferenz von L\u00e9o CURE"},"content":{"rendered":"\n<style type=\"text\/css\">\n<!--\n#titre {\n\tfont-family: Arial, Helvetica, sans-serif;\n\tfont-size: 10px;\n\tline-height: 10px;\n}\n-->\n<\/style>\n<table width=\"100%\" border=\"0\" cellspacing=\"1\" cellpadding=\"5\">\n  <tr>\n    <td style=\"font-family: Helvetica, arial, sans-serif; font-size: 12px; color: #00000; text-align:center; line-height: 30px;\">\n      <h1>MASTER CLASS UND KONFERENZ<\/h1>\n      <h1><strong>L\u00e9o CURE<\/strong><\/h1>\n      <h3>Unternehmenschef\n\n<\/h3>\n\n<table width=\"100%\" border=\"0\" cellspacing=\"1\" cellpadding=\"5\">\n \n <tr><td width=\"100%\" style=\"font-family: Helvetica, arial, sans-serif; font-size: 18px; color: #00000; text-align:center; line-height: 18px; vertical-align: top;\"><strong>Thema: Einstieg in die Berufswelt, indem man sein eigenes Unternehmen gr\u00fcndet <br>und die M\u00f6glichkeit der neuen Technologien wahrnimmt<\/strong><\/td><\/tr>\n  <tr><td width=\"100%\" style=\"font-family: Helvetica, arial, sans-serif; font-size: 18px; color: #00000; text-align:center; line-height: 18px; vertical-align: top;\"><br \/>\n  Freitag, 16. Oktober ab 11:00 Uhr<\/td><\/tr>\n    <tr>\n      <td width=\"100%\" style=\"font-family: Helvetica, arial, sans-serif; font-size: 14px; color: #00000; text-align:center; line-height: 18px; vertical-align: top;\"><p><br \/>\n      \nIm Zentrum f\u00fcr Frieden, Freiheiten und Menschenrechte \u2013 Verdun <br>\nAudienzsaal  <\/p>\n         <p align=\"center\" ><a href=\"https:\/\/youtu.be\/hj1_gmHA00A\" target=\"_blank\" rel=\"noopener noreferrer\">Replay ansehen<\/a><\/p>\n<p align=\"center\" ><div align=\"center\"><div class=\"fusion-fullwidth fullwidth-box fusion-builder-row-1 hundred-percent-fullwidth non-hundred-percent-height-scrolling\" style=\"--awb-border-radius-top-left:0px;--awb-border-radius-top-right:0px;--awb-border-radius-bottom-right:0px;--awb-border-radius-bottom-left:0px;--awb-overflow:visible;--awb-flex-wrap:wrap;\" ><div class=\"fusion-builder-row fusion-row\"><div class=\"fusion-layout-column fusion_builder_column fusion-builder-column-0 fusion_builder_column_1_1 1_1 fusion-one-full fusion-column-first fusion-column-last fusion-column-no-min-height\" style=\"--awb-bg-size:cover;--awb-margin-bottom:0px;\"><div class=\"fusion-column-wrapper fusion-flex-column-wrapper-legacy\"><div class=\"fusion-video fusion-youtube\" style=\"--awb-max-width:500px;--awb-max-height:500px;\"><div class=\"video-shortcode\"><div class=\"fluid-width-video-wrapper\" style=\"padding-top:100%;\" ><iframe title=\"YouTube video player 1\" src=\"https:\/\/www.youtube.com\/embed\/hj1_gmHA00A?wmode=transparent&autoplay=0&oida=1\" width=\"500\" height=\"500\" allowfullscreen allow=\"autoplay; clipboard-write; encrypted-media; gyroscope; picture-in-picture;\"><\/iframe><\/div><\/div><\/div><\/div><\/p>\n<p align=\"center\" >\n<iframe src=\"http:\/\/www.cmpaix.fr\/photos\/galerie-Leo-CURE\/connected-carousels\/index.html\" width=\"100%\" height=\"600px\" frameborder=\"0\"><\/iframe>\n\n\n<\/td><\/tr>\n            <tr>\n      <td width=\"100%\" style=\"font-family: Helvetica, arial, sans-serif; font-size: 14px; color: #00000; text-align:center; line-height: 18px; vertical-align: top;\"><\/td><\/tr>\n            <tr>\n      <td width=\"100%\" style=\"font-family: Helvetica, arial, sans-serif; font-size: 14px; color: #00000; text-align:left\n      ; line-height: 18px; vertical-align: top;\"><table width=\"100%\" border=\"0\" cellspacing=\"1\" cellpadding=\"5\">\n \n <tr>\n <td width=\"25%\">&nbsp;<\/td>\n  <td width=\"65%\" style=\"font-family: Helvetica, arial, sans-serif; font-size: 14px; color: #00000; text-align:left; line-height: 18px; vertical-align: top;\"><p><br \/>\n         <strong>Gesundheitsvorschriften<\/strong> :<br \/>\n        Das korrekte Tragen der Maske ist zwingendes Erfordernis in den R\u00e4umen w\u00e4hrend der Master-Class \u2013 Konferenz-Diskussion<br><br>\n        Maximale Kapazit\u00e4t des Raumes ber\u00fccksichtigt den physischen Abstand: 100 Personen<br><br>\n        H\u00e4ndewaschen ist zwingendes Erfordernis im Eingangssaal: Desinfektionsgel steht zur Verf\u00fcgung<\/p><\/td>\n <td width=\"15%\" >&nbsp;<\/td>\n \n <\/tr>\n <!--- <tr>\n <td width=\"25%\">&nbsp;<\/td>\n  <td width=\"65%\" style=\"font-family: Helvetica, arial, sans-serif; font-size: 14px; color: #00000; text-align:left; line-height: 18px; vertical-align: top;\"><p><br \/>\n        <a href=\"mailto:masterclass@cmpaix.eu?subject=Question Master Class L\u00e9o CURE\" rel=\"noopener noreferrer\" target=\"_blank\"><strong>Posez vos questions en avance <\/strong><\/a> :<br \/>\n  <\/p><\/td>\n <td width=\"15%\" >&nbsp;<\/td>\n \n <\/tr>\n  <tr>\n <td width=\"25%\">&nbsp;<\/td>\n  <td width=\"65%\" style=\"font-family: Helvetica, arial, sans-serif; font-size: 14px; color: #00000; text-align:left; line-height: 18px; vertical-align: top;\"><p><br \/>\n        <strong>Sujets d\u2019actualit\u00e9 <\/strong> :<br \/>\n  <\/p><\/td>\n <td width=\"15%\" >&nbsp;<\/td>\n \n <\/tr> --->\n <\/table><\/td><\/tr>\n \n<tr>\n    <td style=\"font-family: Helvetica, arial, sans-serif; font-size: 12px; color: #00000; text-align:center; line-height: 30px;\">\n    <p align=\"center\"><p>&nbsp;<\/p> <HR align=center size=1 width=\"30%\"><\/p><p>&nbsp;<\/p>  <h3>Die deutsch-franz\u00f6sische Woche von Weltzentrum f\u00fcr Frieden, Freiheiten und Menschenrechte <\/h3>\n      <h3>ist organisiert unter finanzielle Mitwirkung der folgenden Finanzpartner<\/h3>\n<p align=\"center\" ><img class=\"lazyload\" decoding=\"async\" src=\"data:image\/gif;base64,R0lGODlhAQABAAAAACH5BAEKAAEALAAAAAABAAEAAAICTAEAOw==\" data-orig-src=\"http:\/\/www.cmpaix.eu\/newsletter\/img\/logos-partenaires-financiers.jpg\" \/><\/p>\n <h4>und der Partnerschaft von<\/h4>\n<p align=\"center\" ><img class=\"lazyload\" decoding=\"async\" src=\"data:image\/gif;base64,R0lGODlhAQABAAAAACH5BAEKAAEALAAAAAABAAEAAAICTAEAOw==\" data-orig-src=\"http:\/\/www.cmpaix.eu\/newsletter\/img\/logos-partenaires.jpg\" \/><\/p><\/td>\n  <\/tr>\n \n<\/table>\n\n\n\n                                                                   <h4>\n      <p>&nbsp;<\/p><\/h4><\/td>\n  <\/tr>\n                                                                  \n<\/table>\n<div class=\"fusion-clearfix\"><\/div><\/div><\/div><\/div><\/div>","protected":false},"excerpt":{"rendered":"<p>MASTER CLASS UND KONFERENZ L\u00e9o CURE Unternehmenschef Thema: Einstieg in die Berufswelt, indem man sein eigenes Unternehmen gr\u00fcndet und die M\u00f6glichkeit der neuen Technologien wahrnimmt Freitag, 16. Oktober ab 11:00 Uhr Im Zentrum f\u00fcr Frieden, Freiheiten und Menschenrechte \u2013 Verdun Audienzsaal Replay ansehen<\/p>\n","protected":false},"author":1,"featured_media":0,"comment_status":"closed","ping_status":"closed","sticky":false,"template":"","format":"standard","meta":{"ngg_post_thumbnail":0,"footnotes":""},"categories":[30],"tags":[],"class_list":["post-9917","post","type-post","status-publish","format-standard","hentry","category-conferences"],"_links":{"self":[{"href":"https:\/\/cmpaix.eu\/fr\/wp-json\/wp\/v2\/posts\/9917","targetHints":{"allow":["GET"]}}],"collection":[{"href":"https:\/\/cmpaix.eu\/fr\/wp-json\/wp\/v2\/posts"}],"about":[{"href":"https:\/\/cmpaix.eu\/fr\/wp-json\/wp\/v2\/types\/post"}],"author":[{"embeddable":true,"href":"https:\/\/cmpaix.eu\/fr\/wp-json\/wp\/v2\/users\/1"}],"replies":[{"embeddable":true,"href":"https:\/\/cmpaix.eu\/fr\/wp-json\/wp\/v2\/comments?post=9917"}],"version-history":[{"count":2,"href":"https:\/\/cmpaix.eu\/fr\/wp-json\/wp\/v2\/posts\/9917\/revisions"}],"predecessor-version":[{"id":10159,"href":"https:\/\/cmpaix.eu\/fr\/wp-json\/wp\/v2\/posts\/9917\/revisions\/10159"}],"wp:attachment":[{"href":"https:\/\/cmpaix.eu\/fr\/wp-json\/wp\/v2\/media?parent=9917"}],"wp:term":[{"taxonomy":"category","embeddable":true,"href":"https:\/\/cmpaix.eu\/fr\/wp-json\/wp\/v2\/categories?post=9917"},{"taxonomy":"post_tag","embeddable":true,"href":"https:\/\/cmpaix.eu\/fr\/wp-json\/wp\/v2\/tags?post=9917"}],"curies":[{"name":"wp","href":"https:\/\/api.w.org\/{rel}","templated":true}]}}